{"id":925,"date":"2020-10-08T11:24:03","date_gmt":"2020-10-08T11:24:03","guid":{"rendered":"https:\/\/enjust.net\/?p=925"},"modified":"2020-11-24T09:06:11","modified_gmt":"2020-11-24T09:06:11","slug":"zugangsinformationen-fur-die-digitale-podiumsdiskussion","status":"publish","type":"post","link":"https:\/\/enjust.net\/de\/zugangsinformationen-fur-die-digitale-podiumsdiskussion\/","title":{"rendered":"Der Klimawandel und seine Auswirkungen in Afghanistan"},"content":{"rendered":"\n<p>In Kooperation mit dem EnJust Netzwerk l\u00e4dt die Heinrich-B\u00f6ll-Stiftung zu einer digitalen Podiumsdiskussion im Rahmen der &#8222;Kulturwochen Afghanistan &#8211; der andere Blick&#8220; ein.<\/p>\n\n\n\n<p><strong>Dienstag, 24. November 2020, 18-20 Uhr<\/strong><\/p>\n\n\n\n<!--more-->\n\n\n\n<p>Afghanistan leidet seit mehr als vier Jahrzehnten unter einem verheerenden Krieg, der sich nicht auf die Grenzen des Landes beschr\u00e4nken l\u00e4sst, sondern regionale und sogar internationale Dimensionen hat. Zudem wird das Land als eines der verwundbarsten L\u00e4nder eingesch\u00e4tzt, das von den negativen Auswirkungen des Klimawandels, insbesondere im Zusammenhang mit D\u00fcrren und \u00dcberschwemmungen, am st\u00e4rksten betroffen ist. Es wird gesch\u00e4tzt, dass die Temperatur st\u00e4rker ansteigt als der globale Durchschnitt, wobei die Erw\u00e4rmung bis 2050 voraussichtlich 1,7-2,3 Grad Celsius erreichen wird. Welche Auswirkungen wird der Klimawandel auf die Entwicklung des Landes haben? Da 60 % der Bev\u00f6lkerung in der Landwirtschaft besch\u00e4ftigt sind, wie wird er sich auf die Lebensgrundlage der afghanischen Bev\u00f6lkerung auswirken? Was sind die m\u00f6glichen Auswirkungen auf die Zukunft eines Friedensprozesses im Land? Und wie wird das Verh\u00e4ltnis zu den beiden Nachbarn &#8211; Iran und Pakistan &#8211; durch die Wasserknappheit beeinflusst?<\/p>\n\n\n\n<p>In der digitalen Podiumsdiskussion werden wir mit drei Experten die Auswirkungen des Klimawandels in Afghanistan diskutieren:<\/p>\n\n\n\n<ul class=\"wp-block-list\"><li><strong>Alias Wardak<\/strong> &#8211; Experte in den Bereichen Wasser und Energie, Dozent an der Universit\u00e4t Siegen, arbeitet seit 11 Jahren als Politikberater und Manager f\u00fcr Infrastrukturprojekte in Afghanistan<\/li><li><strong>Benafsha Mirbacha<\/strong> &#8211; Expertin f\u00fcr Wasserdiplomatie und regionale Zusammenarbeit, zivilgesellschaftliche Aktivistin mit umfassender Erfahrung in Forschung und Anwaltschaft<\/li><li><strong>Mujib Ahmad Azizi<\/strong> &#8211; Forscher in der afghanischen Forschungs- und Evaluierungseinheit, mit besonderem Schwerpunkt auf Wassermanagement<\/li><\/ul>\n\n\n\n<p>Die Veranstaltung wird moderiert von:<\/p>\n\n\n\n<ul class=\"wp-block-list\"><li>Teresa Incl\u00e1n &#8211; Heinrich-B\u00f6ll-Stiftung Schleswig-Holstein<\/li><li>und Prof. Florian D\u00fcnckmann &#8211; Universit\u00e4t Kiel, Fachbereich Geographie<\/li><\/ul>\n\n\n\n<p>Die Podiumsdiskussion findet in englischer Sprache statt.<\/p>\n\n\n\n<h3 class=\"wp-block-heading\">Software<\/h3>\n\n\n\n<p>Zur Durchf\u00fchrung der digitalen Podiumsdiskussion verwenden wir die Software &#8222;Zoom&#8220;.<\/p>\n\n\n\n<p>Die Teilnahme kann einfach \u00fcber einen Zugangslink im Webbrowser erfolgen (Zoom empfiehlt Google Chrome). Optional kann die Zoom-App <a href=\"https:\/\/zoom.us\/support\/download\">hier<\/a> f\u00fcr eine bessere Verbindungsqualit\u00e4t heruntergeladen werden. Ein Zoom-Konto ist nicht erforderlich, d.h. eine Anmeldung bei Zoom ist nicht erforderlich.<\/p>\n\n\n\n<p><em>Hinweis:<\/em> Nur wenn Sie \u00fcber die Zoom-App teilnehmen, k\u00f6nnen Sie an den Umfragen teilnehmen (Umfragefenster werden im Webbrowser nicht angezeigt).<\/p>\n\n\n\n<h3 class=\"wp-block-heading\">Datenschutz<\/h3>\n\n\n\n<p>Informationen zur Datenverarbeitung finden Sie in der <a href=\"https:\/\/www.uni-kiel.de\/gf-praesidium\/de\/recht\/ordner-datenschutz\/datenschutzhinweise-videokonferenztool-zoom\/view\">Datenschutzdokumentation<\/a> von Zoom.<\/p>\n\n\n\n<p>Kamera und Mikrofon bleiben f\u00fcr den Betrachter ausgeschaltet. Sie k\u00f6nnen ihre Fragen gerne per Chat stellen (Schaltfl\u00e4che &#8222;Q&amp;A&#8220;).<\/p>\n\n\n\n<p>Vom Veranstalter k\u00f6nnen anonyme Umfragen <br><\/p>\n\n\n\n<h3 class=\"wp-block-heading\">Zugang zur Veranstaltung<\/h3>\n\n\n\n<p>Bitte folgen Sie dem Link, um zur digitalen Podiumsdiskussion zu gelangen:<\/p>\n\n\n\n<p><a href=\"https:\/\/uni-kiel.zoom.us\/j\/92417632650?pwd=YThybjZ5NjdVRlEyOGI3TDBvR0pxUT09\" target=\"_blank\" rel=\"noreferrer noopener\">https:\/\/uni-kiel.zoom.us\/j\/92417632650?pwd=YThybjZ5NjdVRlEyOGI3TDBvR0pxUT09<\/a><br><\/p>\n\n\n\n<p>Webinar ID: 924 1763 2650<\/p>\n\n\n\n<p>Passcode: 220284<\/p>\n\n\n\n<p>Wichtiger Hinweis: Wenn Sie sich anmelden, werden Sie gebeten, einen Namen einzugeben. Leider k\u00f6nnen wir diese Aufforderung nicht von Zoom abschalten. F\u00fcr eine anonyme Teilnahme empfehlen wir die Eingabe eines Synonyms.<\/p>\n\n\n\n<p><em><sub>Bildquelle: Responding to UN appeals for drought and conflict relief, which last year included food supply to 32,000 affected students in Oruzgan. Mazar, Afghanistan 2002. Photo: Stephen Dupont<\/sub><\/em><\/p>\n","protected":false},"excerpt":{"rendered":"<p>In cooperation with the EnJust network, the Heinrich B\u00f6ll Foundation invites to a digital panel discussion within the &#8222;Culture weeks Afghanistan &#8211; the other view&#8220;. Tuesday, 24th November 6:00-8:00 pm.<\/p>\n","protected":false},"author":2,"featured_media":960,"comment_status":"closed","ping_status":"open","sticky":false,"template":"","format":"standard","meta":{"footnotes":""},"categories":[8,1],"tags":[],"class_list":["post-925","post","type-post","status-publish","format-standard","has-post-thumbnail","hentry","category-veranstaltungen","category-news-events"],"translation":{"provider":"WPGlobus","version":"3.0.2","language":"de","enabled_languages":["en","de","es"],"languages":{"en":{"title":true,"content":true,"excerpt":false},"de":{"title":true,"content":true,"excerpt":false},"es":{"title":false,"content":false,"excerpt":false}}},"yoast_head":"<!-- This site is optimized with the Yoast SEO plugin v27.5 - https:\/\/yoast.com\/product\/yoast-seo-wordpress\/ -->\n<title>Der Klimawandel und seine Auswirkungen in Afghanistan -<\/title>\n<meta name=\"robots\" content=\"index, follow, max-snippet:-1, max-image-preview:large, max-video-preview:-1\" \/>\n<link rel=\"canonical\" href=\"https:\/\/enjust.net\/zugangsinformationen-fur-die-digitale-podiumsdiskussion\/\" \/>\n<meta property=\"og:locale\" content=\"de_DE\" \/>\n<meta property=\"og:type\" content=\"article\" \/>\n<meta property=\"og:title\" content=\"Der Klimawandel und seine Auswirkungen in Afghanistan -\" \/>\n<meta property=\"og:url\" content=\"https:\/\/enjust.net\/zugangsinformationen-fur-die-digitale-podiumsdiskussion\/\" \/>\n<meta property=\"article:published_time\" content=\"2020-10-08T11:24:03+00:00\" \/>\n<meta property=\"article:modified_time\" content=\"2020-11-24T09:06:11+00:00\" \/>\n<meta property=\"og:image\" content=\"https:\/\/enjust.net\/wp-content\/uploads\/2020\/09\/10716989663_b8bdd886a1_o.jpg\" \/>\n\t<meta property=\"og:image:width\" content=\"1200\" \/>\n\t<meta property=\"og:image:height\" content=\"786\" \/>\n\t<meta property=\"og:image:type\" content=\"image\/jpeg\" \/>\n<meta name=\"author\" content=\"simon\" \/>\n<meta name=\"twitter:card\" content=\"summary_large_image\" \/>\n<meta name=\"twitter:label1\" content=\"Verfasst von\" \/>\n\t<meta name=\"twitter:data1\" content=\"simon\" \/>\n\t<meta name=\"twitter:label2\" content=\"Gesch\u00e4tzte Lesezeit\" \/>\n\t<meta name=\"twitter:data2\" content=\"5\u00a0Minuten\" \/>\n<script type=\"application\/ld+json\" class=\"yoast-schema-graph\">{\"@context\":\"https:\\\/\\\/schema.org\",\"@graph\":[{\"@type\":\"Article\",\"@id\":\"https:\\\/\\\/enjust.net\\\/zugangsinformationen-fur-die-digitale-podiumsdiskussion\\\/#article\",\"isPartOf\":{\"@id\":\"https:\\\/\\\/enjust.net\\\/zugangsinformationen-fur-die-digitale-podiumsdiskussion\\\/\"},\"author\":{\"name\":\"simon\",\"@id\":\"https:\\\/\\\/enjust.net\\\/de\\\/#\\\/schema\\\/person\\\/63c320a27b2e82921ffb1d96c92bd839\"},\"headline\":\"Der Klimawandel und seine Auswirkungen in Afghanistan\",\"datePublished\":\"2020-10-08T11:24:03+00:00\",\"dateModified\":\"2020-11-24T09:06:11+00:00\",\"mainEntityOfPage\":{\"@id\":\"https:\\\/\\\/enjust.net\\\/zugangsinformationen-fur-die-digitale-podiumsdiskussion\\\/\"},\"wordCount\":999,\"image\":{\"@id\":\"https:\\\/\\\/enjust.net\\\/zugangsinformationen-fur-die-digitale-podiumsdiskussion\\\/#primaryimage\"},\"thumbnailUrl\":\"https:\\\/\\\/enjust.net\\\/wp-content\\\/uploads\\\/2020\\\/09\\\/10716989663_b8bdd886a1_o.jpg\",\"articleSection\":[\"Veranstaltungen\",\"Neuigkeiten &amp; Veranstaltungen\"],\"inLanguage\":\"de\"},{\"@type\":\"WebPage\",\"@id\":\"https:\\\/\\\/enjust.net\\\/zugangsinformationen-fur-die-digitale-podiumsdiskussion\\\/\",\"url\":\"https:\\\/\\\/enjust.net\\\/zugangsinformationen-fur-die-digitale-podiumsdiskussion\\\/\",\"name\":\"Der Klimawandel und seine Auswirkungen in Afghanistan -\",\"isPartOf\":{\"@id\":\"https:\\\/\\\/enjust.net\\\/de\\\/#website\"},\"primaryImageOfPage\":{\"@id\":\"https:\\\/\\\/enjust.net\\\/zugangsinformationen-fur-die-digitale-podiumsdiskussion\\\/#primaryimage\"},\"image\":{\"@id\":\"https:\\\/\\\/enjust.net\\\/zugangsinformationen-fur-die-digitale-podiumsdiskussion\\\/#primaryimage\"},\"thumbnailUrl\":\"https:\\\/\\\/enjust.net\\\/wp-content\\\/uploads\\\/2020\\\/09\\\/10716989663_b8bdd886a1_o.jpg\",\"datePublished\":\"2020-10-08T11:24:03+00:00\",\"dateModified\":\"2020-11-24T09:06:11+00:00\",\"author\":{\"@id\":\"https:\\\/\\\/enjust.net\\\/de\\\/#\\\/schema\\\/person\\\/63c320a27b2e82921ffb1d96c92bd839\"},\"breadcrumb\":{\"@id\":\"https:\\\/\\\/enjust.net\\\/zugangsinformationen-fur-die-digitale-podiumsdiskussion\\\/#breadcrumb\"},\"inLanguage\":\"de\",\"potentialAction\":[{\"@type\":\"ReadAction\",\"target\":[\"https:\\\/\\\/enjust.net\\\/zugangsinformationen-fur-die-digitale-podiumsdiskussion\\\/\"]}]},{\"@type\":\"ImageObject\",\"inLanguage\":\"de\",\"@id\":\"https:\\\/\\\/enjust.net\\\/zugangsinformationen-fur-die-digitale-podiumsdiskussion\\\/#primaryimage\",\"url\":\"https:\\\/\\\/enjust.net\\\/wp-content\\\/uploads\\\/2020\\\/09\\\/10716989663_b8bdd886a1_o.jpg\",\"contentUrl\":\"https:\\\/\\\/enjust.net\\\/wp-content\\\/uploads\\\/2020\\\/09\\\/10716989663_b8bdd886a1_o.jpg\",\"width\":1200,\"height\":786,\"caption\":\"Responding to UN appeals for drought and conflict relief, which last year included food supply to 32,000 affected students in Oruzgan. Mazar, Afghanistan 2002. Photo: Stephen Dupont\"},{\"@type\":\"BreadcrumbList\",\"@id\":\"https:\\\/\\\/enjust.net\\\/zugangsinformationen-fur-die-digitale-podiumsdiskussion\\\/#breadcrumb\",\"itemListElement\":[{\"@type\":\"ListItem\",\"position\":1,\"name\":\"Startseite\",\"item\":\"https:\\\/\\\/enjust.net\\\/\"},{\"@type\":\"ListItem\",\"position\":2,\"name\":\"Der Klimawandel und seine Auswirkungen in Afghanistan\"}]},{\"@type\":\"WebSite\",\"@id\":\"https:\\\/\\\/enjust.net\\\/de\\\/#website\",\"url\":\"https:\\\/\\\/enjust.net\\\/de\\\/\",\"name\":\"\",\"description\":\"         \",\"potentialAction\":[{\"@type\":\"SearchAction\",\"target\":{\"@type\":\"EntryPoint\",\"urlTemplate\":\"https:\\\/\\\/enjust.net\\\/de\\\/?s={search_term_string}\"},\"query-input\":{\"@type\":\"PropertyValueSpecification\",\"valueRequired\":true,\"valueName\":\"search_term_string\"}}],\"inLanguage\":\"de\"},{\"@type\":\"Person\",\"@id\":\"https:\\\/\\\/enjust.net\\\/de\\\/#\\\/schema\\\/person\\\/63c320a27b2e82921ffb1d96c92bd839\",\"name\":\"simon\",\"url\":\"https:\\\/\\\/enjust.net\\\/de\\\/author\\\/simon\\\/\"}]}<\/script>\n<!-- \/ Yoast SEO plugin. -->","yoast_head_json":{"title":"Der Klimawandel und seine Auswirkungen in Afghanistan -","robots":{"index":"index","follow":"follow","max-snippet":"max-snippet:-1","max-image-preview":"max-image-preview:large","max-video-preview":"max-video-preview:-1"},"canonical":"https:\/\/enjust.net\/zugangsinformationen-fur-die-digitale-podiumsdiskussion\/","og_locale":"de_DE","og_type":"article","og_title":"Der Klimawandel und seine Auswirkungen in Afghanistan -","og_url":"https:\/\/enjust.net\/zugangsinformationen-fur-die-digitale-podiumsdiskussion\/","article_published_time":"2020-10-08T11:24:03+00:00","article_modified_time":"2020-11-24T09:06:11+00:00","og_image":[{"width":1200,"height":786,"url":"https:\/\/enjust.net\/wp-content\/uploads\/2020\/09\/10716989663_b8bdd886a1_o.jpg","type":"image\/jpeg"}],"author":"simon","twitter_card":"summary_large_image","twitter_misc":{"Verfasst von":"simon","Gesch\u00e4tzte Lesezeit":"5\u00a0Minuten"},"schema":{"@context":"https:\/\/schema.org","@graph":[{"@type":"Article","@id":"https:\/\/enjust.net\/zugangsinformationen-fur-die-digitale-podiumsdiskussion\/#article","isPartOf":{"@id":"https:\/\/enjust.net\/zugangsinformationen-fur-die-digitale-podiumsdiskussion\/"},"author":{"name":"simon","@id":"https:\/\/enjust.net\/de\/#\/schema\/person\/63c320a27b2e82921ffb1d96c92bd839"},"headline":"Der Klimawandel und seine Auswirkungen in Afghanistan","datePublished":"2020-10-08T11:24:03+00:00","dateModified":"2020-11-24T09:06:11+00:00","mainEntityOfPage":{"@id":"https:\/\/enjust.net\/zugangsinformationen-fur-die-digitale-podiumsdiskussion\/"},"wordCount":999,"image":{"@id":"https:\/\/enjust.net\/zugangsinformationen-fur-die-digitale-podiumsdiskussion\/#primaryimage"},"thumbnailUrl":"https:\/\/enjust.net\/wp-content\/uploads\/2020\/09\/10716989663_b8bdd886a1_o.jpg","articleSection":["Veranstaltungen","Neuigkeiten &amp; Veranstaltungen"],"inLanguage":"de"},{"@type":"WebPage","@id":"https:\/\/enjust.net\/zugangsinformationen-fur-die-digitale-podiumsdiskussion\/","url":"https:\/\/enjust.net\/zugangsinformationen-fur-die-digitale-podiumsdiskussion\/","name":"Der Klimawandel und seine Auswirkungen in Afghanistan -","isPartOf":{"@id":"https:\/\/enjust.net\/de\/#website"},"primaryImageOfPage":{"@id":"https:\/\/enjust.net\/zugangsinformationen-fur-die-digitale-podiumsdiskussion\/#primaryimage"},"image":{"@id":"https:\/\/enjust.net\/zugangsinformationen-fur-die-digitale-podiumsdiskussion\/#primaryimage"},"thumbnailUrl":"https:\/\/enjust.net\/wp-content\/uploads\/2020\/09\/10716989663_b8bdd886a1_o.jpg","datePublished":"2020-10-08T11:24:03+00:00","dateModified":"2020-11-24T09:06:11+00:00","author":{"@id":"https:\/\/enjust.net\/de\/#\/schema\/person\/63c320a27b2e82921ffb1d96c92bd839"},"breadcrumb":{"@id":"https:\/\/enjust.net\/zugangsinformationen-fur-die-digitale-podiumsdiskussion\/#breadcrumb"},"inLanguage":"de","potentialAction":[{"@type":"ReadAction","target":["https:\/\/enjust.net\/zugangsinformationen-fur-die-digitale-podiumsdiskussion\/"]}]},{"@type":"ImageObject","inLanguage":"de","@id":"https:\/\/enjust.net\/zugangsinformationen-fur-die-digitale-podiumsdiskussion\/#primaryimage","url":"https:\/\/enjust.net\/wp-content\/uploads\/2020\/09\/10716989663_b8bdd886a1_o.jpg","contentUrl":"https:\/\/enjust.net\/wp-content\/uploads\/2020\/09\/10716989663_b8bdd886a1_o.jpg","width":1200,"height":786,"caption":"Responding to UN appeals for drought and conflict relief, which last year included food supply to 32,000 affected students in Oruzgan. Mazar, Afghanistan 2002. Photo: Stephen Dupont"},{"@type":"BreadcrumbList","@id":"https:\/\/enjust.net\/zugangsinformationen-fur-die-digitale-podiumsdiskussion\/#breadcrumb","itemListElement":[{"@type":"ListItem","position":1,"name":"Startseite","item":"https:\/\/enjust.net\/"},{"@type":"ListItem","position":2,"name":"Der Klimawandel und seine Auswirkungen in Afghanistan"}]},{"@type":"WebSite","@id":"https:\/\/enjust.net\/de\/#website","url":"https:\/\/enjust.net\/de\/","name":"","description":"         ","potentialAction":[{"@type":"SearchAction","target":{"@type":"EntryPoint","urlTemplate":"https:\/\/enjust.net\/de\/?s={search_term_string}"},"query-input":{"@type":"PropertyValueSpecification","valueRequired":true,"valueName":"search_term_string"}}],"inLanguage":"de"},{"@type":"Person","@id":"https:\/\/enjust.net\/de\/#\/schema\/person\/63c320a27b2e82921ffb1d96c92bd839","name":"simon","url":"https:\/\/enjust.net\/de\/author\/simon\/"}]}},"_links":{"self":[{"href":"https:\/\/enjust.net\/de\/wp-json\/wp\/v2\/posts\/925","targetHints":{"allow":["GET"]}}],"collection":[{"href":"https:\/\/enjust.net\/de\/wp-json\/wp\/v2\/posts"}],"about":[{"href":"https:\/\/enjust.net\/de\/wp-json\/wp\/v2\/types\/post"}],"author":[{"embeddable":true,"href":"https:\/\/enjust.net\/de\/wp-json\/wp\/v2\/users\/2"}],"replies":[{"embeddable":true,"href":"https:\/\/enjust.net\/de\/wp-json\/wp\/v2\/comments?post=925"}],"version-history":[{"count":29,"href":"https:\/\/enjust.net\/de\/wp-json\/wp\/v2\/posts\/925\/revisions"}],"predecessor-version":[{"id":1011,"href":"https:\/\/enjust.net\/de\/wp-json\/wp\/v2\/posts\/925\/revisions\/1011"}],"wp:featuredmedia":[{"embeddable":true,"href":"https:\/\/enjust.net\/de\/wp-json\/wp\/v2\/media\/960"}],"wp:attachment":[{"href":"https:\/\/enjust.net\/de\/wp-json\/wp\/v2\/media?parent=925"}],"wp:term":[{"taxonomy":"category","embeddable":true,"href":"https:\/\/enjust.net\/de\/wp-json\/wp\/v2\/categories?post=925"},{"taxonomy":"post_tag","embeddable":true,"href":"https:\/\/enjust.net\/de\/wp-json\/wp\/v2\/tags?post=925"}],"curies":[{"name":"wp","href":"https:\/\/api.w.org\/{rel}","templated":true}]}}